{"id":22535,"date":"2022-07-08T15:45:15","date_gmt":"2022-07-08T13:45:15","guid":{"rendered":"https:\/\/polario.app\/?p=22535"},"modified":"2022-08-02T16:14:42","modified_gmt":"2022-08-02T14:14:42","slug":"vdvo-interview-juergen-mayer","status":"publish","type":"post","link":"https:\/\/polario.app\/de\/vdvo-interview-juergen-mayer\/","title":{"rendered":"VDVO Interview mit Regional Director Su\u0308d J\u00fcrgen Mayer"},"content":{"rendered":"\t\t<div data-elementor-type=\"wp-post\" data-elementor-id=\"22535\" class=\"elementor elementor-22535\" data-elementor-post-type=\"post\">\n\t\t\t\t\t\t<section data-particle_enable=\"false\" data-particle-mobile-disabled=\"false\" class=\"elementor-section elementor-top-section elementor-element elementor-element-92c1102 elementor-section-full_width elementor-section-height-default elementor-section-height-default\" data-id=\"92c1102\" data-element_type=\"section\" data-e-type=\"section\">\n\t\t\t\t\t\t<div class=\"elementor-container elementor-column-gap-default\">\n\t\t\t\t\t<div class=\"elementor-column elementor-col-100 elementor-top-column elementor-element elementor-element-da912fa\" data-id=\"da912fa\" data-element_type=\"column\" data-e-type=\"column\">\n\t\t\t<div class=\"elementor-widget-wrap elementor-element-populated\">\n\t\t\t\t\t\t<div class=\"elementor-element elementor-element-8292523 elementor-widget elementor-widget-text-editor\" data-id=\"8292523\" data-element_type=\"widget\" data-e-type=\"widget\" data-widget_type=\"text-editor.default\">\n\t\t\t\t<div class=\"elementor-widget-container\">\n\t\t\t\t\t\t\t\t\t<p>Als neuer <strong>Regional Director f\u00fcr die Region S\u00fcd<\/strong> hat der VDVO <a href=\"https:\/\/www.linkedin.com\/in\/juergenmayer\/\">J\u00fcrgen Mayer<\/a> zum Interview geladen, um Fragen rund um den Verband zuk\u00fcnftige Strategien und andere Themen zu beantworten.<\/p><p>Regional Directors zu benennen, ist Teil der Initiative des neuen VDVO Gesch\u00e4ftsf\u00fchrers <a href=\"https:\/\/www.linkedin.com\/in\/thorsten-schwartz-0061b37b\/?originalSubdomain=de\">Torsten Schwartz<\/a>. Mit der Einteilung von Deutschland in f\u00fcnf Gebiete besitzt so jede Region einen eigenen Regional Director, welcher auf seine Art und Weise das Verbandsleben f\u00f6rdert und direkter Ansprechpartner zur Seite steht.<\/p><h2><strong>VDVO Interview mit J\u00fcrgen Mayer<\/strong><\/h2>\t\t\t\t\t\t\t\t<\/div>\n\t\t\t\t<\/div>\n\t\t\t\t\t<\/div>\n\t\t<\/div>\n\t\t\t\t\t<\/div>\n\t\t<\/section>\n\t\t\t\t<section data-particle_enable=\"false\" data-particle-mobile-disabled=\"false\" class=\"elementor-section elementor-top-section elementor-element elementor-element-0bdb9cd elementor-section-full_width elementor-reverse-mobile elementor-section-height-default elementor-section-height-default\" data-id=\"0bdb9cd\" data-element_type=\"section\" data-e-type=\"section\">\n\t\t\t\t\t\t<div class=\"elementor-container elementor-column-gap-default\">\n\t\t\t\t\t<div class=\"elementor-column elementor-col-50 elementor-top-column elementor-element elementor-element-989d9ae\" data-id=\"989d9ae\" data-element_type=\"column\" data-e-type=\"column\">\n\t\t\t<div class=\"elementor-widget-wrap elementor-element-populated\">\n\t\t\t\t\t\t<div class=\"elementor-element elementor-element-e0275ce elementor-widget elementor-widget-text-editor\" data-id=\"e0275ce\" data-element_type=\"widget\" data-e-type=\"widget\" data-widget_type=\"text-editor.default\">\n\t\t\t\t<div class=\"elementor-widget-container\">\n\t\t\t\t\t\t\t\t\t<p>1994 hat es Ju\u0308rgen Mayer nach dem Studium beruflich nach Mu\u0308nchen verschlagen. Nach ersten Jahren in der Kirch Gruppe \/ <a href=\"https:\/\/www.prosieben.de\/\">ProSieben<\/a> ging es zu <a href=\"https:\/\/www.telekom.de\/start\">T-Online \/ Telekom<\/a>. Im Anschluss folgten dann zehn Jahre <a href=\"https:\/\/de.yahoo.com\/\">Yahoo!<\/a>. Im Herbst 2010 erfolgte dann der Einstieg bei der plazz AG als CEO und Miteigentu\u0308mer.<\/p><p>Seine Zeit fu\u0308r Hobbies widmet er dem Sport: \u201eOhne <strong>Yoga<\/strong> und meine t\u00e4gliche <strong>Meditationsroutine<\/strong> k\u00f6nnte ich bei weitem nicht so gut Golf spielen und w\u00e4re nicht so fit\u201c, sagt Mayer. Und drahtig, du\u0308rfen wir anerkennend erg\u00e4nzen.\u00a0<\/p>\t\t\t\t\t\t\t\t<\/div>\n\t\t\t\t<\/div>\n\t\t\t\t\t<\/div>\n\t\t<\/div>\n\t\t\t\t<div class=\"elementor-column elementor-col-50 elementor-top-column elementor-element elementor-element-f9e3b10\" data-id=\"f9e3b10\" data-element_type=\"column\" data-e-type=\"column\">\n\t\t\t<div class=\"elementor-widget-wrap elementor-element-populated\">\n\t\t\t\t\t\t<div class=\"elementor-element elementor-element-83fa813 elementor-widget elementor-widget-image\" data-id=\"83fa813\" data-element_type=\"widget\" data-e-type=\"widget\" data-widget_type=\"image.default\">\n\t\t\t\t<div class=\"elementor-widget-container\">\n\t\t\t\t\t\t\t\t\t\t\t\t<figure class=\"wp-caption\">\n\t\t\t\t\t\t\t\t\t\t<img fetchpriority=\"high\" decoding=\"async\" width=\"400\" height=\"341\" src=\"https:\/\/polario.app\/wp-content\/uploads\/2022\/05\/bild-ju\u0308rgen-mayer.png\" class=\"attachment-large size-large wp-image-20113\" alt=\"bild - ju\u0308rgen mayer\" srcset=\"https:\/\/polario.app\/wp-content\/uploads\/2022\/05\/bild-ju\u0308rgen-mayer.png 400w, https:\/\/polario.app\/wp-content\/uploads\/2022\/05\/bild-ju\u0308rgen-mayer-300x256.png 300w\" sizes=\"(max-width: 400px) 100vw, 400px\" \/>\t\t\t\t\t\t\t\t\t\t\t<figcaption class=\"widget-image-caption wp-caption-text\">J\u00fcrgen Mayer <br> CEO der plazz AG &amp; <br> VDVO Regional Director S\u00fcd<\/figcaption>\n\t\t\t\t\t\t\t\t\t\t<\/figure>\n\t\t\t\t\t\t\t\t\t<\/div>\n\t\t\t\t<\/div>\n\t\t\t\t\t<\/div>\n\t\t<\/div>\n\t\t\t\t\t<\/div>\n\t\t<\/section>\n\t\t\t\t<section data-particle_enable=\"false\" data-particle-mobile-disabled=\"false\" class=\"elementor-section elementor-top-section elementor-element elementor-element-f5a4c64 elementor-section-full_width elementor-section-height-default elementor-section-height-default\" data-id=\"f5a4c64\" data-element_type=\"section\" data-e-type=\"section\">\n\t\t\t\t\t\t<div class=\"elementor-container elementor-column-gap-default\">\n\t\t\t\t\t<div class=\"elementor-column elementor-col-100 elementor-top-column elementor-element elementor-element-883c372\" data-id=\"883c372\" data-element_type=\"column\" data-e-type=\"column\">\n\t\t\t<div class=\"elementor-widget-wrap elementor-element-populated\">\n\t\t\t\t\t\t<div class=\"elementor-element elementor-element-ba44ed8 elementor-widget elementor-widget-text-editor\" data-id=\"ba44ed8\" data-element_type=\"widget\" data-e-type=\"widget\" data-widget_type=\"text-editor.default\">\n\t\t\t\t<div class=\"elementor-widget-container\">\n\t\t\t\t\t\t\t\t\t<p>Da seine Frau Yvonne auch golft, plant er seine Urlaube immer um den kleinen wei\u00dfen Ball herum und organisiert seit nun 13 Jahren den <a href=\"https:\/\/www.exklusiv-golfen.de\/\">CEO Golf Cup<\/a> im Mu\u0308nchner Golfclub. Golf ist wohl fu\u0308r ihn eine bevorzugte <strong>Networking-Plattform<\/strong> und daher ist klar: \u201eWer Unternehmer, Firmeninhaber, Veranstaltungsplaner oder Entrepreneur und Golfer ist, der soll sich bitte bei mir melden!\u201c<\/p><h3><strong>Was hat Sie motiviert, als Regional Director S\u00dcD fu\u0308r den VDVO aktiv zu werden?<\/strong><\/h3><p><a href=\"https:\/\/polario.app\/de\/verbands-app\/\">Verb\u00e4nde<\/a> haben generell eine wichtige Funktion und waren schon immer eine gute Networking-Plattform. Eines habe ich im Leben gelernt: Dass man immer nah am Kunden sein muss, wenn man neue Produkte entwickelt. Unsere neue <a href=\"https:\/\/polario.app\/\">Polario App<\/a> unterstu\u0308tzt Verb\u00e4nde in ihrer Arbeit. Da war es fu\u0308r mich naheliegend, mich im Verband zu engagieren, um damit auch Teil eines Verbandes zu sein. Potential ist immer ausbauf\u00e4hig. Dazu wollen wir als <a href=\"https:\/\/plazz.ag\/\">plazz AG<\/a> beitragen. Die letzten zehn Jahre waren wir im Event Tech Business Bereich sehr erfolgreich unterwegs. Wir verfu\u0308gen u\u0308ber viel Knowhow, Kontakte und Ressourcen in diesem Segment, welche wir im VDVO einbringen m\u00f6chten.<\/p><h3><strong>Welche Ma\u00dfnahmen schweben Ihnen vor, um bestehende Mitglieder im Gro\u00dfraum Mu\u0308nchen, im weitesten Sinne sogar Su\u0308ddeutschland, besser zu vernetzen und neue Mitglieder zu gewinnen?<\/strong><\/h3><p>Aktuell scheint mir die Region Su\u0308d zu passiv. Auf dem VDVO Kongress konnte ich gerade einmal zwei Personen aus der Region Su\u0308d pers\u00f6nlich sprechen. Als erstes wollen wir nach den Sommermonaten einen <strong>virtuellen Stammtisch<\/strong> als Kickoff realisieren. Bis dahin versuche ich mit dem einen oder anderen Mitglied pers\u00f6nlichen Kontakt aufzunehmen. Alles weitere wird sich dann im Laufe des Herbstes ergeben.<\/p><p>Derzeit entsteht in Mu\u0308nchen-Westend eins der spektakul\u00e4rsten Tagungshotels in der Eventbranche, welches bis Ende des Jahres er\u00f6ffnet haben sollte. Vielleicht planen wir dort schon bald einen VDVO Event fu\u0308r Anfang 2023?<\/p><h3><strong>Effektive Verbandsarbeit erfordert nebenberuflich einigen Zeitaufwand. Warum glauben Sie, dass diese Arbeit (und zwar gerade auch fu\u0308r den VDVO) wichtig ist?<\/strong><\/h3><p>Der VDVO ist mit rund 600 Mitgliedern noch ein relativ kleiner Player \u2013 unser erster <strong>App<\/strong> Kunde im Verbandsbereich hat bspw. u\u0308ber 7.000 Mitglieder. Stellt man dem die Gr\u00f6\u00dfe der <a href=\"https:\/\/polario.app\/de\/event-app\">Eventbranche<\/a> und dem Marktvolumen gegenu\u0308ber, dann zeigt sich, dass noch Luft nach oben ist.<\/p><h3><strong>Eine kurze subjektive Einsch\u00e4tzung u\u0308ber die Zukunft des Veranstaltungsgesch\u00e4fts nach Corona und in \u201eunsicheren Zeiten\u201c (Ukraine-Krieg, Klimawandel, Migration, Inflation usw.)<\/strong><\/h3><p>Um aber Ihre Frage zu Krieg, <a href=\"https:\/\/polario.app\/de\/plazz-ag-klimaneutralitaet\/\">Klimawandel<\/a>, Migration und Inflation zu beantworten, sage ich es kurz mit den Worten von Thomas Huxley: \u201aDas gro\u00dfe Ziel des Lebens ist nicht Wissen, sondern Handeln.\u2018 Aus Krisen kann man gemeinsam wachsen &#8211; ein Schwarzmaler war ich noch nie!<\/p><p>Fakt ist aber, dass der Eventbereich um viele neue Facetten durch Corona erweitert wurde. Die Bandbreite wurde vielseitiger, die <a href=\"https:\/\/polario.app\/de\/technische-grundlagen\/\">Technologie<\/a> bedeutender und der Mix aus <a href=\"https:\/\/polario.app\/de\/live-events\/\">Live<\/a>, <a href=\"https:\/\/polario.app\/de\/virtuelle-events\/\">Virtuell<\/a>, <a href=\"https:\/\/polario.app\/de\/hybride-events\/\">Hybrid<\/a> multimedialer.<\/p><h3><strong>Schildern Sie uns bitte kurz ein paar pers\u00f6nliche Eindru\u0308cke vom ersten VDVO-Kongress in Leipzig. Was hat Ihnen besonders gefallen?<\/strong><\/h3><p>Inhaltlich gab es viele spannende Vortr\u00e4ge, die viel positive Resonanz erzeugten. Verbesserungsf\u00e4hig schien mir das Thema <a href=\"https:\/\/polario.app\/de\/der-zweck-einer-eventplattform\/\">E<\/a><a href=\"https:\/\/polario.app\/de\/der-zweck-einer-eventplattform\/\">vent<\/a><a href=\"https:\/\/polario.app\/de\/der-zweck-einer-eventplattform\/\"> Technologie<\/a>. Wenn ich einen Tag fu\u0308r so einen Event investiere, dann will ich diesen optimal nutzen. Ich denke, dass man mit einer <a href=\"https:\/\/polario.app\/de\/statische-verzeichnisse\/\">Teilnehmerliste<\/a> im Vorfeld oder w\u00e4hrend der VA viel mehr Mehrwert h\u00e4tte schaffen k\u00f6nnen. Sehr gut gefallen haben mir die interaktiven Sessions, welche durch die Bank weg gut besucht waren.<\/p>\t\t\t\t\t\t\t\t<\/div>\n\t\t\t\t<\/div>\n\t\t\t\t\t<\/div>\n\t\t<\/div>\n\t\t\t\t\t<\/div>\n\t\t<\/section>\n\t\t\t\t<\/div>\n\t\t","protected":false},"excerpt":{"rendered":"<p>Im Interview mit J\u00fcrgen Mayer erfahren Sie mehr \u00fcber zuk\u00fcnftige Strategien und Verbandsthemen des neuen VDVO Regional Director S\u00fcd.<\/p>\n","protected":false},"author":2,"featured_media":22536,"comment_status":"closed","ping_status":"open","sticky":false,"template":"","format":"standard","meta":{"site-sidebar-layout":"default","site-content-layout":"","ast-site-content-layout":"default","site-content-style":"default","site-sidebar-style":"default","ast-global-header-display":"","ast-banner-title-visibility":"","ast-main-header-display":"","ast-hfb-above-header-display":"","ast-hfb-below-header-display":"","ast-hfb-mobile-header-display":"","site-post-title":"","ast-breadcrumbs-content":"","ast-featured-img":"","footer-sml-layout":"","ast-disable-related-posts":"","theme-transparent-header-meta":"","adv-header-id-meta":"","stick-header-meta":"","header-above-stick-meta":"","header-main-stick-meta":"","header-below-stick-meta":"","astra-migrate-meta-layouts":"default","ast-page-background-enabled":"default","ast-page-background-meta":{"desktop":{"background-color":"var(--ast-global-color-4)","background-image":"","background-repeat":"repeat","background-position":"center center","background-size":"auto","background-attachment":"scroll","background-type":"","background-media":"","overlay-type":"","overlay-color":"","overlay-opacity":"","overlay-gradient":""},"tablet":{"background-color":"","background-image":"","background-repeat":"repeat","background-position":"center center","background-size":"auto","background-attachment":"scroll","background-type":"","background-media":"","overlay-type":"","overlay-color":"","overlay-opacity":"","overlay-gradient":""},"mobile":{"background-color":"","background-image":"","background-repeat":"repeat","background-position":"center center","background-size":"auto","background-attachment":"scroll","background-type":"","background-media":"","overlay-type":"","overlay-color":"","overlay-opacity":"","overlay-gradient":""}},"ast-content-background-meta":{"desktop":{"background-color":"var(--ast-global-color-5)","background-image":"","background-repeat":"repeat","background-position":"center center","background-size":"auto","background-attachment":"scroll","background-type":"","background-media":"","overlay-type":"","overlay-color":"","overlay-opacity":"","overlay-gradient":""},"tablet":{"background-color":"var(--ast-global-color-5)","background-image":"","background-repeat":"repeat","background-position":"center center","background-size":"auto","background-attachment":"scroll","background-type":"","background-media":"","overlay-type":"","overlay-color":"","overlay-opacity":"","overlay-gradient":""},"mobile":{"background-color":"var(--ast-global-color-5)","background-image":"","background-repeat":"repeat","background-position":"center center","background-size":"auto","background-attachment":"scroll","background-type":"","background-media":"","overlay-type":"","overlay-color":"","overlay-opacity":"","overlay-gradient":""}},"footnotes":""},"categories":[40],"tags":[58,96,568,772,768,773,563,769,770,408,411],"class_list":["post-22535","post","type-post","status-publish","format-standard","has-post-thumbnail","hentry","category-news","tag-events","tag-interview-2","tag-juergen-mayer-2","tag-messen","tag-regional-director","tag-regional-direktion","tag-vdvo","tag-veranstalter","tag-veranstaltungsorganisatoren","tag-verband","tag-verbaende"],"yoast_head":"<!-- This site is optimized with the Yoast SEO Premium plugin v26.4 (Yoast SEO v27.2) - https:\/\/yoast.com\/product\/yoast-seo-premium-wordpress\/ -->\n<title>VDVO Interview mit Regional Director Su\u0308d J\u00fcrgen Mayer | Polario Blog<\/title>\n<meta name=\"description\" content=\"Im Interview mit J\u00fcrgen Mayer erfahren Sie mehr \u00fcber zuk\u00fcnftige Strategien und Verbandsthemen des neuen VDVO Regional Director S\u00fcd.\" \/>\n<meta name=\"robots\" content=\"index, follow, max-snippet:-1, max-image-preview:large, max-video-preview:-1\" \/>\n<link rel=\"canonical\" href=\"https:\/\/polario.app\/de\/vdvo-interview-juergen-mayer\/\" \/>\n<meta property=\"og:locale\" content=\"de_DE\" \/>\n<meta property=\"og:type\" content=\"article\" \/>\n<meta property=\"og:title\" content=\"VDVO Interview mit Regional Director Su\u0308d J\u00fcrgen Mayer\" \/>\n<meta property=\"og:description\" content=\"Im Interview mit J\u00fcrgen Mayer erfahren Sie mehr \u00fcber zuk\u00fcnftige Strategien und Verbandsthemen des neuen VDVO Regional Director S\u00fcd.\" \/>\n<meta property=\"og:url\" content=\"https:\/\/polario.app\/de\/vdvo-interview-juergen-mayer\/\" \/>\n<meta property=\"og:site_name\" content=\"Polario\" \/>\n<meta property=\"article:published_time\" content=\"2022-07-08T13:45:15+00:00\" \/>\n<meta property=\"article:modified_time\" content=\"2022-08-02T14:14:42+00:00\" \/>\n<meta property=\"og:image\" content=\"https:\/\/polario.app\/wp-content\/uploads\/2022\/07\/thumbnail-vdvo-interview-ju\u0308rgen-mayer-50.webp\" \/>\n\t<meta property=\"og:image:width\" content=\"800\" \/>\n\t<meta property=\"og:image:height\" content=\"450\" \/>\n\t<meta property=\"og:image:type\" content=\"image\/webp\" \/>\n<meta name=\"author\" content=\"Andreas Best\u00e4ndig\" \/>\n<meta name=\"twitter:card\" content=\"summary_large_image\" \/>\n<meta name=\"twitter:label1\" content=\"Verfasst von\" \/>\n\t<meta name=\"twitter:data1\" content=\"Andreas Best\u00e4ndig\" \/>\n\t<meta name=\"twitter:label2\" content=\"Gesch\u00e4tzte Lesezeit\" \/>\n\t<meta name=\"twitter:data2\" content=\"5\u00a0Minuten\" \/>\n<script type=\"application\/ld+json\" class=\"yoast-schema-graph\">{\"@context\":\"https:\/\/schema.org\",\"@graph\":[{\"@type\":\"Article\",\"@id\":\"https:\/\/polario.app\/de\/vdvo-interview-juergen-mayer\/#article\",\"isPartOf\":{\"@id\":\"https:\/\/polario.app\/de\/vdvo-interview-juergen-mayer\/\"},\"author\":{\"name\":\"Andreas Best\u00e4ndig\",\"@id\":\"https:\/\/polario.app\/de\/#\/schema\/person\/67501c3bdfa2af1a1c681a6f6705429e\"},\"headline\":\"VDVO Interview mit Regional Director Su\u0308d J\u00fcrgen Mayer\",\"datePublished\":\"2022-07-08T13:45:15+00:00\",\"dateModified\":\"2022-08-02T14:14:42+00:00\",\"mainEntityOfPage\":{\"@id\":\"https:\/\/polario.app\/de\/vdvo-interview-juergen-mayer\/\"},\"wordCount\":773,\"publisher\":{\"@id\":\"https:\/\/polario.app\/de\/#organization\"},\"image\":{\"@id\":\"https:\/\/polario.app\/de\/vdvo-interview-juergen-mayer\/#primaryimage\"},\"thumbnailUrl\":\"https:\/\/polario.app\/wp-content\/uploads\/2022\/07\/thumbnail-vdvo-interview-ju\u0308rgen-mayer-50.webp\",\"keywords\":[\"Events\",\"Interview\",\"j\u00fcrgen mayer\",\"messen\",\"regional director\",\"regional direktion\",\"vdvo\",\"veranstalter\",\"veranstaltungsorganisatoren\",\"Verband\",\"Verb\u00e4nde\"],\"articleSection\":[\"News\"],\"inLanguage\":\"de\"},{\"@type\":\"WebPage\",\"@id\":\"https:\/\/polario.app\/de\/vdvo-interview-juergen-mayer\/\",\"url\":\"https:\/\/polario.app\/de\/vdvo-interview-juergen-mayer\/\",\"name\":\"VDVO Interview mit Regional Director Su\u0308d J\u00fcrgen Mayer | Polario Blog\",\"isPartOf\":{\"@id\":\"https:\/\/polario.app\/de\/#website\"},\"primaryImageOfPage\":{\"@id\":\"https:\/\/polario.app\/de\/vdvo-interview-juergen-mayer\/#primaryimage\"},\"image\":{\"@id\":\"https:\/\/polario.app\/de\/vdvo-interview-juergen-mayer\/#primaryimage\"},\"thumbnailUrl\":\"https:\/\/polario.app\/wp-content\/uploads\/2022\/07\/thumbnail-vdvo-interview-ju\u0308rgen-mayer-50.webp\",\"datePublished\":\"2022-07-08T13:45:15+00:00\",\"dateModified\":\"2022-08-02T14:14:42+00:00\",\"description\":\"Im Interview mit J\u00fcrgen Mayer erfahren Sie mehr \u00fcber zuk\u00fcnftige Strategien und Verbandsthemen des neuen VDVO Regional Director S\u00fcd.\",\"inLanguage\":\"de\",\"potentialAction\":[{\"@type\":\"ReadAction\",\"target\":[\"https:\/\/polario.app\/de\/vdvo-interview-juergen-mayer\/\"]}]},{\"@type\":\"ImageObject\",\"inLanguage\":\"de\",\"@id\":\"https:\/\/polario.app\/de\/vdvo-interview-juergen-mayer\/#primaryimage\",\"url\":\"https:\/\/polario.app\/wp-content\/uploads\/2022\/07\/thumbnail-vdvo-interview-ju\u0308rgen-mayer-50.webp\",\"contentUrl\":\"https:\/\/polario.app\/wp-content\/uploads\/2022\/07\/thumbnail-vdvo-interview-ju\u0308rgen-mayer-50.webp\",\"width\":800,\"height\":450,\"caption\":\"thumbnail - vdvo interview - ju\u0308rgen mayer\"},{\"@type\":\"WebSite\",\"@id\":\"https:\/\/polario.app\/de\/#website\",\"url\":\"https:\/\/polario.app\/de\/\",\"name\":\"Polario\",\"description\":\"Die Polario Website |  Ihre All-in-One-L\u00f6sung f\u00fcr Events, Communities und mehr!\",\"publisher\":{\"@id\":\"https:\/\/polario.app\/de\/#organization\"},\"potentialAction\":[{\"@type\":\"SearchAction\",\"target\":{\"@type\":\"EntryPoint\",\"urlTemplate\":\"https:\/\/polario.app\/de\/?s={search_term_string}\"},\"query-input\":{\"@type\":\"PropertyValueSpecification\",\"valueRequired\":true,\"valueName\":\"search_term_string\"}}],\"inLanguage\":\"de\"},{\"@type\":\"Organization\",\"@id\":\"https:\/\/polario.app\/de\/#organization\",\"name\":\"plazz AG\",\"alternateName\":\"plazz\",\"url\":\"https:\/\/polario.app\/de\/\",\"logo\":{\"@type\":\"ImageObject\",\"inLanguage\":\"de\",\"@id\":\"https:\/\/polario.app\/de\/#\/schema\/logo\/image\/\",\"url\":\"https:\/\/polario.app\/wp-content\/uploads\/2021\/05\/Logo-Polario-by-plazz-AG.svg\",\"contentUrl\":\"https:\/\/polario.app\/wp-content\/uploads\/2021\/05\/Logo-Polario-by-plazz-AG.svg\",\"width\":1630,\"height\":500,\"caption\":\"plazz AG\"},\"image\":{\"@id\":\"https:\/\/polario.app\/de\/#\/schema\/logo\/image\/\"}},{\"@type\":\"Person\",\"@id\":\"https:\/\/polario.app\/de\/#\/schema\/person\/67501c3bdfa2af1a1c681a6f6705429e\",\"name\":\"Andreas Best\u00e4ndig\",\"image\":{\"@type\":\"ImageObject\",\"inLanguage\":\"de\",\"@id\":\"https:\/\/polario.app\/wp-content\/uploads\/2022\/02\/profil-foto-andreas_bestaendig-150x150.jpg\",\"url\":\"https:\/\/polario.app\/wp-content\/uploads\/2022\/02\/profil-foto-andreas_bestaendig-150x150.jpg\",\"contentUrl\":\"https:\/\/polario.app\/wp-content\/uploads\/2022\/02\/profil-foto-andreas_bestaendig-150x150.jpg\",\"caption\":\"Andreas Best\u00e4ndig\"}}]}<\/script>\n<!-- \/ Yoast SEO Premium plugin. -->","yoast_head_json":{"title":"VDVO Interview mit Regional Director Su\u0308d J\u00fcrgen Mayer | Polario Blog","description":"Im Interview mit J\u00fcrgen Mayer erfahren Sie mehr \u00fcber zuk\u00fcnftige Strategien und Verbandsthemen des neuen VDVO Regional Director S\u00fcd.","robots":{"index":"index","follow":"follow","max-snippet":"max-snippet:-1","max-image-preview":"max-image-preview:large","max-video-preview":"max-video-preview:-1"},"canonical":"https:\/\/polario.app\/de\/vdvo-interview-juergen-mayer\/","og_locale":"de_DE","og_type":"article","og_title":"VDVO Interview mit Regional Director Su\u0308d J\u00fcrgen Mayer","og_description":"Im Interview mit J\u00fcrgen Mayer erfahren Sie mehr \u00fcber zuk\u00fcnftige Strategien und Verbandsthemen des neuen VDVO Regional Director S\u00fcd.","og_url":"https:\/\/polario.app\/de\/vdvo-interview-juergen-mayer\/","og_site_name":"Polario","article_published_time":"2022-07-08T13:45:15+00:00","article_modified_time":"2022-08-02T14:14:42+00:00","og_image":[{"width":800,"height":450,"url":"https:\/\/polario.app\/wp-content\/uploads\/2022\/07\/thumbnail-vdvo-interview-ju\u0308rgen-mayer-50.webp","type":"image\/webp"}],"author":"Andreas Best\u00e4ndig","twitter_card":"summary_large_image","twitter_misc":{"Verfasst von":"Andreas Best\u00e4ndig","Gesch\u00e4tzte Lesezeit":"5\u00a0Minuten"},"schema":{"@context":"https:\/\/schema.org","@graph":[{"@type":"Article","@id":"https:\/\/polario.app\/de\/vdvo-interview-juergen-mayer\/#article","isPartOf":{"@id":"https:\/\/polario.app\/de\/vdvo-interview-juergen-mayer\/"},"author":{"name":"Andreas Best\u00e4ndig","@id":"https:\/\/polario.app\/de\/#\/schema\/person\/67501c3bdfa2af1a1c681a6f6705429e"},"headline":"VDVO Interview mit Regional Director Su\u0308d J\u00fcrgen Mayer","datePublished":"2022-07-08T13:45:15+00:00","dateModified":"2022-08-02T14:14:42+00:00","mainEntityOfPage":{"@id":"https:\/\/polario.app\/de\/vdvo-interview-juergen-mayer\/"},"wordCount":773,"publisher":{"@id":"https:\/\/polario.app\/de\/#organization"},"image":{"@id":"https:\/\/polario.app\/de\/vdvo-interview-juergen-mayer\/#primaryimage"},"thumbnailUrl":"https:\/\/polario.app\/wp-content\/uploads\/2022\/07\/thumbnail-vdvo-interview-ju\u0308rgen-mayer-50.webp","keywords":["Events","Interview","j\u00fcrgen mayer","messen","regional director","regional direktion","vdvo","veranstalter","veranstaltungsorganisatoren","Verband","Verb\u00e4nde"],"articleSection":["News"],"inLanguage":"de"},{"@type":"WebPage","@id":"https:\/\/polario.app\/de\/vdvo-interview-juergen-mayer\/","url":"https:\/\/polario.app\/de\/vdvo-interview-juergen-mayer\/","name":"VDVO Interview mit Regional Director Su\u0308d J\u00fcrgen Mayer | Polario Blog","isPartOf":{"@id":"https:\/\/polario.app\/de\/#website"},"primaryImageOfPage":{"@id":"https:\/\/polario.app\/de\/vdvo-interview-juergen-mayer\/#primaryimage"},"image":{"@id":"https:\/\/polario.app\/de\/vdvo-interview-juergen-mayer\/#primaryimage"},"thumbnailUrl":"https:\/\/polario.app\/wp-content\/uploads\/2022\/07\/thumbnail-vdvo-interview-ju\u0308rgen-mayer-50.webp","datePublished":"2022-07-08T13:45:15+00:00","dateModified":"2022-08-02T14:14:42+00:00","description":"Im Interview mit J\u00fcrgen Mayer erfahren Sie mehr \u00fcber zuk\u00fcnftige Strategien und Verbandsthemen des neuen VDVO Regional Director S\u00fcd.","inLanguage":"de","potentialAction":[{"@type":"ReadAction","target":["https:\/\/polario.app\/de\/vdvo-interview-juergen-mayer\/"]}]},{"@type":"ImageObject","inLanguage":"de","@id":"https:\/\/polario.app\/de\/vdvo-interview-juergen-mayer\/#primaryimage","url":"https:\/\/polario.app\/wp-content\/uploads\/2022\/07\/thumbnail-vdvo-interview-ju\u0308rgen-mayer-50.webp","contentUrl":"https:\/\/polario.app\/wp-content\/uploads\/2022\/07\/thumbnail-vdvo-interview-ju\u0308rgen-mayer-50.webp","width":800,"height":450,"caption":"thumbnail - vdvo interview - ju\u0308rgen mayer"},{"@type":"WebSite","@id":"https:\/\/polario.app\/de\/#website","url":"https:\/\/polario.app\/de\/","name":"Polario","description":"Die Polario Website |  Ihre All-in-One-L\u00f6sung f\u00fcr Events, Communities und mehr!","publisher":{"@id":"https:\/\/polario.app\/de\/#organization"},"potentialAction":[{"@type":"SearchAction","target":{"@type":"EntryPoint","urlTemplate":"https:\/\/polario.app\/de\/?s={search_term_string}"},"query-input":{"@type":"PropertyValueSpecification","valueRequired":true,"valueName":"search_term_string"}}],"inLanguage":"de"},{"@type":"Organization","@id":"https:\/\/polario.app\/de\/#organization","name":"plazz AG","alternateName":"plazz","url":"https:\/\/polario.app\/de\/","logo":{"@type":"ImageObject","inLanguage":"de","@id":"https:\/\/polario.app\/de\/#\/schema\/logo\/image\/","url":"https:\/\/polario.app\/wp-content\/uploads\/2021\/05\/Logo-Polario-by-plazz-AG.svg","contentUrl":"https:\/\/polario.app\/wp-content\/uploads\/2021\/05\/Logo-Polario-by-plazz-AG.svg","width":1630,"height":500,"caption":"plazz AG"},"image":{"@id":"https:\/\/polario.app\/de\/#\/schema\/logo\/image\/"}},{"@type":"Person","@id":"https:\/\/polario.app\/de\/#\/schema\/person\/67501c3bdfa2af1a1c681a6f6705429e","name":"Andreas Best\u00e4ndig","image":{"@type":"ImageObject","inLanguage":"de","@id":"https:\/\/polario.app\/wp-content\/uploads\/2022\/02\/profil-foto-andreas_bestaendig-150x150.jpg","url":"https:\/\/polario.app\/wp-content\/uploads\/2022\/02\/profil-foto-andreas_bestaendig-150x150.jpg","contentUrl":"https:\/\/polario.app\/wp-content\/uploads\/2022\/02\/profil-foto-andreas_bestaendig-150x150.jpg","caption":"Andreas Best\u00e4ndig"}}]}},"_links":{"self":[{"href":"https:\/\/polario.app\/de\/wp-json\/wp\/v2\/posts\/22535","targetHints":{"allow":["GET"]}}],"collection":[{"href":"https:\/\/polario.app\/de\/wp-json\/wp\/v2\/posts"}],"about":[{"href":"https:\/\/polario.app\/de\/wp-json\/wp\/v2\/types\/post"}],"author":[{"embeddable":true,"href":"https:\/\/polario.app\/de\/wp-json\/wp\/v2\/users\/2"}],"replies":[{"embeddable":true,"href":"https:\/\/polario.app\/de\/wp-json\/wp\/v2\/comments?post=22535"}],"version-history":[{"count":11,"href":"https:\/\/polario.app\/de\/wp-json\/wp\/v2\/posts\/22535\/revisions"}],"predecessor-version":[{"id":33558,"href":"https:\/\/polario.app\/de\/wp-json\/wp\/v2\/posts\/22535\/revisions\/33558"}],"wp:featuredmedia":[{"embeddable":true,"href":"https:\/\/polario.app\/de\/wp-json\/wp\/v2\/media\/22536"}],"wp:attachment":[{"href":"https:\/\/polario.app\/de\/wp-json\/wp\/v2\/media?parent=22535"}],"wp:term":[{"taxonomy":"category","embeddable":true,"href":"https:\/\/polario.app\/de\/wp-json\/wp\/v2\/categories?post=22535"},{"taxonomy":"post_tag","embeddable":true,"href":"https:\/\/polario.app\/de\/wp-json\/wp\/v2\/tags?post=22535"}],"curies":[{"name":"wp","href":"https:\/\/api.w.org\/{rel}","templated":true}]}}