{"id":22032,"date":"2022-06-27T11:33:43","date_gmt":"2022-06-27T09:33:43","guid":{"rendered":"https:\/\/polario.app\/?p=22032"},"modified":"2022-08-02T11:39:33","modified_gmt":"2022-08-02T09:39:33","slug":"thueringer-unternehmenslauf-2022","status":"publish","type":"post","link":"https:\/\/polario.app\/de\/thueringer-unternehmenslauf-2022\/","title":{"rendered":"Die plazz AG beim Th\u00fcringer Unternehmenslauf 2022"},"content":{"rendered":"\t\t<div data-elementor-type=\"wp-post\" data-elementor-id=\"22032\" class=\"elementor elementor-22032\" data-elementor-post-type=\"post\">\n\t\t\t\t\t\t<section data-particle_enable=\"false\" data-particle-mobile-disabled=\"false\" class=\"elementor-section elementor-top-section elementor-element elementor-element-17bd513 elementor-section-full_width elementor-section-height-default elementor-section-height-default\" data-id=\"17bd513\" data-element_type=\"section\" data-e-type=\"section\">\n\t\t\t\t\t\t<div class=\"elementor-container elementor-column-gap-default\">\n\t\t\t\t\t<div class=\"elementor-column elementor-col-100 elementor-top-column elementor-element elementor-element-198edde\" data-id=\"198edde\" data-element_type=\"column\" data-e-type=\"column\">\n\t\t\t<div class=\"elementor-widget-wrap elementor-element-populated\">\n\t\t\t\t\t\t<div class=\"elementor-element elementor-element-96f5bd4 elementor-widget elementor-widget-text-editor\" data-id=\"96f5bd4\" data-element_type=\"widget\" data-e-type=\"widget\" data-widget_type=\"text-editor.default\">\n\t\t\t\t<div class=\"elementor-widget-container\">\n\t\t\t\t\t\t\t\t\t<p>Nach der letzten Teilnahme 2019 und der bedingten Auszeit w\u00e4hrend Corona, ging unser Team f\u00fcr den Th\u00fcringer Unternehmenslauf 2022 wieder motiviert an den Start!<\/p><h2><strong>Training, Shirts und Motivation<\/strong><\/h2><p>Die Teilnahme am Th\u00fcringer Unternehmenslauf 2022 wurde bei uns dieses Jahr kurzfristig beschlossen. Nachdem <a href=\"https:\/\/www.linkedin.com\/in\/cordula-iff-84a382155\/\">Cordula Iff<\/a> die Initiative ergriff und Ihre Kolleginnen und Kollegen zur Teilnahme \u00fcberzeugen konnte, wurde sie kurzum auch gleich zum <strong>Team Captain<\/strong>.<\/p><p>Manch einer begann nun damit seinen K\u00f6rper auf die bevorstehenden Strapazen vorzubereiten. Andere lie\u00dfen es etwas lockerer angehen und verlie\u00dfen sich auf ihre bestehende Fitness. Zusammen mit dem <strong>Training<\/strong> ben\u00f6tigt ein Lauf-Team nat\u00fcrlich auch <strong>Shirts<\/strong>. Diese wurde in gemeinsamer Abstimmung kreativ erstellt und in den Druck gegeben.<\/p>\t\t\t\t\t\t\t\t<\/div>\n\t\t\t\t<\/div>\n\t\t\t\t<div class=\"elementor-element elementor-element-2732315 elementor-widget elementor-widget-eael-image-accordion\" data-id=\"2732315\" data-element_type=\"widget\" data-e-type=\"widget\" data-widget_type=\"eael-image-accordion.default\">\n\t\t\t\t<div class=\"elementor-widget-container\">\n\t\t\t\t\t    <div class=\"eael-img-accordion accordion-direction-horizontal eael-img-accordion-horizontal-align-center eael-img-accordion-vertical-align-center\" id=\"eael-img-accordion-2732315\" data-img-accordion-id=\"2732315\" data-img-accordion-type=\"on-hover\">\n                    \n            <div class=\"eael-image-accordion-hover eael-image-accordion-item overlay-active\" style=\"background-image: url(https:\/\/polario.app\/wp-content\/uploads\/2022\/06\/picture-thueringer-unternehmenslauf-2022-1.webp); flex: 3 1 0%;\"  tabindex=\"0\">\n                <div class=\"overlay\">\n                                        <div class=\"overlay-inner  overlay-inner-show\">\n                                            <\/div>\n                <\/div>\n            <\/div>\n                    \n            <div class=\"eael-image-accordion-hover eael-image-accordion-item\" style=\"background-image: url(https:\/\/polario.app\/wp-content\/uploads\/2022\/06\/picture-thueringer-unternehmenslauf-2022-2.webp);\"  tabindex=\"0\">\n                <div class=\"overlay\">\n                                        <div class=\"overlay-inner \">\n                                            <\/div>\n                <\/div>\n            <\/div>\n                    \n            <div class=\"eael-image-accordion-hover eael-image-accordion-item\" style=\"background-image: url(https:\/\/polario.app\/wp-content\/uploads\/2022\/06\/picture-thueringer-unternehmenslauf-2022-3.webp);\"  tabindex=\"0\">\n                <div class=\"overlay\">\n                                        <div class=\"overlay-inner \">\n                                            <\/div>\n                <\/div>\n            <\/div>\n                    \n            <div class=\"eael-image-accordion-hover eael-image-accordion-item\" style=\"background-image: url(https:\/\/polario.app\/wp-content\/uploads\/2022\/06\/picture-thueringer-unternehmenslauf-2022-4.webp);\"  tabindex=\"0\">\n                <div class=\"overlay\">\n                                        <div class=\"overlay-inner \">\n                                            <\/div>\n                <\/div>\n            <\/div>\n                <\/div>\n        <style typr=\"text\/css\">\n                    #eael-img-accordion-2732315 .eael-image-accordion-hover:hover {\n                        flex: 3 1 0% !important;\n                    }\n                    #eael-img-accordion-2732315 .eael-image-accordion-hover:hover:hover .overlay-inner * {\n                        opacity: 1;\n                        visibility: visible;\n                        transform: none;\n                        transition: all .3s .3s;\n                    }\n                <\/style>\t\t\t\t<\/div>\n\t\t\t\t<\/div>\n\t\t\t\t<div class=\"elementor-element elementor-element-768f60c elementor-widget elementor-widget-text-editor\" data-id=\"768f60c\" data-element_type=\"widget\" data-e-type=\"widget\" data-widget_type=\"text-editor.default\">\n\t\t\t\t<div class=\"elementor-widget-container\">\n\t\t\t\t\t\t\t\t\t<h2><strong>Go Time!<\/strong><\/h2><p>Am 23.06.2022 gegen 19:20 kam es dann zum eigentlichen Event. Zwischen einer Vielzahl unterschiedlicher Teams von Firmen, die so unterschiedlich nicht sein konnten, stand unser plazz AG <strong>Lauf-Team aus 10 Personen<\/strong> im Startbereich. Bei <strong>32\u00b0C und starkem Sonnenschein<\/strong> war eine ordentliche Versorgung mit Wasser der Schl\u00fcssel zum Erfolg.<\/p><p>Gl\u00fccklicherweise <strong>kam jedes Team-Mitglied der plazz AG in die Ziellinie<\/strong> und der Gro\u00dfteil davon sogar mit einer guten Zeit!<\/p><p>Zum Abschluss gab es dann ein k\u00fchles Bier, Bananen und einen Besuch im lokalen <strong>Restaurant<\/strong>, um den Abend entspannt ausklingen zu lassen und den Erfolg des Tages geb\u00fchrend zu feiern.<\/p>\t\t\t\t\t\t\t\t<\/div>\n\t\t\t\t<\/div>\n\t\t\t\t<div class=\"elementor-element elementor-element-7773e6e elementor-widget elementor-widget-eael-image-accordion\" data-id=\"7773e6e\" data-element_type=\"widget\" data-e-type=\"widget\" data-widget_type=\"eael-image-accordion.default\">\n\t\t\t\t<div class=\"elementor-widget-container\">\n\t\t\t\t\t    <div class=\"eael-img-accordion accordion-direction-horizontal eael-img-accordion-horizontal-align-center eael-img-accordion-vertical-align-center\" id=\"eael-img-accordion-7773e6e\" data-img-accordion-id=\"7773e6e\" data-img-accordion-type=\"on-hover\">\n                    \n            <div class=\"eael-image-accordion-hover eael-image-accordion-item overlay-active\" style=\"background-image: url(https:\/\/polario.app\/wp-content\/uploads\/2022\/06\/picture-thueringer-unternehmenslauf-2022-5.webp); flex: 3 1 0%;\"  tabindex=\"0\">\n                <div class=\"overlay\">\n                                        <div class=\"overlay-inner  overlay-inner-show\">\n                                            <\/div>\n                <\/div>\n            <\/div>\n                    \n            <div class=\"eael-image-accordion-hover eael-image-accordion-item\" style=\"background-image: url(https:\/\/polario.app\/wp-content\/uploads\/2022\/06\/picture-thueringer-unternehmenslauf-2022-6.webp);\"  tabindex=\"0\">\n                <div class=\"overlay\">\n                                        <div class=\"overlay-inner \">\n                                            <\/div>\n                <\/div>\n            <\/div>\n                <\/div>\n        <style typr=\"text\/css\">\n                    #eael-img-accordion-7773e6e .eael-image-accordion-hover:hover {\n                        flex: 3 1 0% !important;\n                    }\n                    #eael-img-accordion-7773e6e .eael-image-accordion-hover:hover:hover .overlay-inner * {\n                        opacity: 1;\n                        visibility: visible;\n                        transform: none;\n                        transition: all .3s .3s;\n                    }\n                <\/style>\t\t\t\t<\/div>\n\t\t\t\t<\/div>\n\t\t\t\t\t<\/div>\n\t\t<\/div>\n\t\t\t\t\t<\/div>\n\t\t<\/section>\n\t\t\t\t<\/div>\n\t\t","protected":false},"excerpt":{"rendered":"<p>Die plazz AG nimmt Teil am Th\u00fcringer Unternehmenslauf 2022. Mit Training, Shirts und Motivation geht es gemeinsam an die Startlinie.<\/p>\n","protected":false},"author":2,"featured_media":22046,"comment_status":"closed","ping_status":"open","sticky":false,"template":"","format":"standard","meta":{"site-sidebar-layout":"default","site-content-layout":"","ast-site-content-layout":"default","site-content-style":"default","site-sidebar-style":"default","ast-global-header-display":"","ast-banner-title-visibility":"","ast-main-header-display":"","ast-hfb-above-header-display":"","ast-hfb-below-header-display":"","ast-hfb-mobile-header-display":"","site-post-title":"","ast-breadcrumbs-content":"","ast-featured-img":"","footer-sml-layout":"","ast-disable-related-posts":"","theme-transparent-header-meta":"","adv-header-id-meta":"","stick-header-meta":"","header-above-stick-meta":"","header-main-stick-meta":"","header-below-stick-meta":"","astra-migrate-meta-layouts":"default","ast-page-background-enabled":"default","ast-page-background-meta":{"desktop":{"background-color":"var(--ast-global-color-4)","background-image":"","background-repeat":"repeat","background-position":"center center","background-size":"auto","background-attachment":"scroll","background-type":"","background-media":"","overlay-type":"","overlay-color":"","overlay-opacity":"","overlay-gradient":""},"tablet":{"background-color":"","background-image":"","background-repeat":"repeat","background-position":"center center","background-size":"auto","background-attachment":"scroll","background-type":"","background-media":"","overlay-type":"","overlay-color":"","overlay-opacity":"","overlay-gradient":""},"mobile":{"background-color":"","background-image":"","background-repeat":"repeat","background-position":"center center","background-size":"auto","background-attachment":"scroll","background-type":"","background-media":"","overlay-type":"","overlay-color":"","overlay-opacity":"","overlay-gradient":""}},"ast-content-background-meta":{"desktop":{"background-color":"var(--ast-global-color-5)","background-image":"","background-repeat":"repeat","background-position":"center center","background-size":"auto","background-attachment":"scroll","background-type":"","background-media":"","overlay-type":"","overlay-color":"","overlay-opacity":"","overlay-gradient":""},"tablet":{"background-color":"var(--ast-global-color-5)","background-image":"","background-repeat":"repeat","background-position":"center center","background-size":"auto","background-attachment":"scroll","background-type":"","background-media":"","overlay-type":"","overlay-color":"","overlay-opacity":"","overlay-gradient":""},"mobile":{"background-color":"var(--ast-global-color-5)","background-image":"","background-repeat":"repeat","background-position":"center center","background-size":"auto","background-attachment":"scroll","background-type":"","background-media":"","overlay-type":"","overlay-color":"","overlay-opacity":"","overlay-gradient":""}},"footnotes":""},"categories":[40],"tags":[59,742,740,593,741],"class_list":["post-22032","post","type-post","status-publish","format-standard","has-post-thumbnail","hentry","category-news","tag-plazz-ag","tag-run","tag-sport","tag-team-event","tag-thueringer-unternehmenslauf-2022"],"yoast_head":"<!-- This site is optimized with the Yoast SEO Premium plugin v26.4 (Yoast SEO v27.2) - https:\/\/yoast.com\/product\/yoast-seo-premium-wordpress\/ -->\n<title>Die plazz AG beim Th\u00fcringer Unternehmenslauf 2022 | Polario<\/title>\n<meta name=\"description\" content=\"Die plazz AG nimmt Teil am Th\u00fcringer Unternehmenslauf 2022. Mit Training, Shirts und Motivation geht es gemeinsam an die Startlinie.\" \/>\n<meta name=\"robots\" content=\"index, follow, max-snippet:-1, max-image-preview:large, max-video-preview:-1\" \/>\n<link rel=\"canonical\" href=\"https:\/\/polario.app\/de\/thueringer-unternehmenslauf-2022\/\" \/>\n<meta property=\"og:locale\" content=\"de_DE\" \/>\n<meta property=\"og:type\" content=\"article\" \/>\n<meta property=\"og:title\" content=\"Die plazz AG beim Th\u00fcringer Unternehmenslauf 2022\" \/>\n<meta property=\"og:description\" content=\"Die plazz AG nimmt Teil am Th\u00fcringer Unternehmenslauf 2022. Mit Training, Shirts und Motivation geht es gemeinsam an die Startlinie.\" \/>\n<meta property=\"og:url\" content=\"https:\/\/polario.app\/de\/thueringer-unternehmenslauf-2022\/\" \/>\n<meta property=\"og:site_name\" content=\"Polario\" \/>\n<meta property=\"article:published_time\" content=\"2022-06-27T09:33:43+00:00\" \/>\n<meta property=\"article:modified_time\" content=\"2022-08-02T09:39:33+00:00\" \/>\n<meta property=\"og:image\" content=\"https:\/\/polario.app\/wp-content\/uploads\/2022\/06\/thumbnail-thueringer-unternehmenslauf-2022.webp\" \/>\n\t<meta property=\"og:image:width\" content=\"800\" \/>\n\t<meta property=\"og:image:height\" content=\"450\" \/>\n\t<meta property=\"og:image:type\" content=\"image\/webp\" \/>\n<meta name=\"author\" content=\"Andreas Best\u00e4ndig\" \/>\n<meta name=\"twitter:card\" content=\"summary_large_image\" \/>\n<meta name=\"twitter:label1\" content=\"Verfasst von\" \/>\n\t<meta name=\"twitter:data1\" content=\"Andreas Best\u00e4ndig\" \/>\n\t<meta name=\"twitter:label2\" content=\"Gesch\u00e4tzte Lesezeit\" \/>\n\t<meta name=\"twitter:data2\" content=\"2\u00a0Minuten\" \/>\n<script type=\"application\/ld+json\" class=\"yoast-schema-graph\">{\"@context\":\"https:\/\/schema.org\",\"@graph\":[{\"@type\":\"Article\",\"@id\":\"https:\/\/polario.app\/de\/thueringer-unternehmenslauf-2022\/#article\",\"isPartOf\":{\"@id\":\"https:\/\/polario.app\/de\/thueringer-unternehmenslauf-2022\/\"},\"author\":{\"name\":\"Andreas Best\u00e4ndig\",\"@id\":\"https:\/\/polario.app\/de\/#\/schema\/person\/67501c3bdfa2af1a1c681a6f6705429e\"},\"headline\":\"Die plazz AG beim Th\u00fcringer Unternehmenslauf 2022\",\"datePublished\":\"2022-06-27T09:33:43+00:00\",\"dateModified\":\"2022-08-02T09:39:33+00:00\",\"mainEntityOfPage\":{\"@id\":\"https:\/\/polario.app\/de\/thueringer-unternehmenslauf-2022\/\"},\"wordCount\":225,\"publisher\":{\"@id\":\"https:\/\/polario.app\/de\/#organization\"},\"image\":{\"@id\":\"https:\/\/polario.app\/de\/thueringer-unternehmenslauf-2022\/#primaryimage\"},\"thumbnailUrl\":\"https:\/\/polario.app\/wp-content\/uploads\/2022\/06\/thumbnail-thueringer-unternehmenslauf-2022.webp\",\"keywords\":[\"plazz AG\",\"RUN\",\"sport\",\"Team Event\",\"Th\u00fcringer Unternehmenslauf 2022\"],\"articleSection\":[\"News\"],\"inLanguage\":\"de\"},{\"@type\":\"WebPage\",\"@id\":\"https:\/\/polario.app\/de\/thueringer-unternehmenslauf-2022\/\",\"url\":\"https:\/\/polario.app\/de\/thueringer-unternehmenslauf-2022\/\",\"name\":\"Die plazz AG beim Th\u00fcringer Unternehmenslauf 2022 | Polario\",\"isPartOf\":{\"@id\":\"https:\/\/polario.app\/de\/#website\"},\"primaryImageOfPage\":{\"@id\":\"https:\/\/polario.app\/de\/thueringer-unternehmenslauf-2022\/#primaryimage\"},\"image\":{\"@id\":\"https:\/\/polario.app\/de\/thueringer-unternehmenslauf-2022\/#primaryimage\"},\"thumbnailUrl\":\"https:\/\/polario.app\/wp-content\/uploads\/2022\/06\/thumbnail-thueringer-unternehmenslauf-2022.webp\",\"datePublished\":\"2022-06-27T09:33:43+00:00\",\"dateModified\":\"2022-08-02T09:39:33+00:00\",\"description\":\"Die plazz AG nimmt Teil am Th\u00fcringer Unternehmenslauf 2022. Mit Training, Shirts und Motivation geht es gemeinsam an die Startlinie.\",\"inLanguage\":\"de\",\"potentialAction\":[{\"@type\":\"ReadAction\",\"target\":[\"https:\/\/polario.app\/de\/thueringer-unternehmenslauf-2022\/\"]}]},{\"@type\":\"ImageObject\",\"inLanguage\":\"de\",\"@id\":\"https:\/\/polario.app\/de\/thueringer-unternehmenslauf-2022\/#primaryimage\",\"url\":\"https:\/\/polario.app\/wp-content\/uploads\/2022\/06\/thumbnail-thueringer-unternehmenslauf-2022.webp\",\"contentUrl\":\"https:\/\/polario.app\/wp-content\/uploads\/2022\/06\/thumbnail-thueringer-unternehmenslauf-2022.webp\",\"width\":800,\"height\":450,\"caption\":\"thumbnail - thueringer unternehmenslauf 2022\"},{\"@type\":\"WebSite\",\"@id\":\"https:\/\/polario.app\/de\/#website\",\"url\":\"https:\/\/polario.app\/de\/\",\"name\":\"Polario\",\"description\":\"Die Polario Website |  Ihre All-in-One-L\u00f6sung f\u00fcr Events, Communities und mehr!\",\"publisher\":{\"@id\":\"https:\/\/polario.app\/de\/#organization\"},\"potentialAction\":[{\"@type\":\"SearchAction\",\"target\":{\"@type\":\"EntryPoint\",\"urlTemplate\":\"https:\/\/polario.app\/de\/?s={search_term_string}\"},\"query-input\":{\"@type\":\"PropertyValueSpecification\",\"valueRequired\":true,\"valueName\":\"search_term_string\"}}],\"inLanguage\":\"de\"},{\"@type\":\"Organization\",\"@id\":\"https:\/\/polario.app\/de\/#organization\",\"name\":\"plazz AG\",\"alternateName\":\"plazz\",\"url\":\"https:\/\/polario.app\/de\/\",\"logo\":{\"@type\":\"ImageObject\",\"inLanguage\":\"de\",\"@id\":\"https:\/\/polario.app\/de\/#\/schema\/logo\/image\/\",\"url\":\"https:\/\/polario.app\/wp-content\/uploads\/2021\/05\/Logo-Polario-by-plazz-AG.svg\",\"contentUrl\":\"https:\/\/polario.app\/wp-content\/uploads\/2021\/05\/Logo-Polario-by-plazz-AG.svg\",\"width\":1630,\"height\":500,\"caption\":\"plazz AG\"},\"image\":{\"@id\":\"https:\/\/polario.app\/de\/#\/schema\/logo\/image\/\"}},{\"@type\":\"Person\",\"@id\":\"https:\/\/polario.app\/de\/#\/schema\/person\/67501c3bdfa2af1a1c681a6f6705429e\",\"name\":\"Andreas Best\u00e4ndig\",\"image\":{\"@type\":\"ImageObject\",\"inLanguage\":\"de\",\"@id\":\"https:\/\/polario.app\/wp-content\/uploads\/2022\/02\/profil-foto-andreas_bestaendig-150x150.jpg\",\"url\":\"https:\/\/polario.app\/wp-content\/uploads\/2022\/02\/profil-foto-andreas_bestaendig-150x150.jpg\",\"contentUrl\":\"https:\/\/polario.app\/wp-content\/uploads\/2022\/02\/profil-foto-andreas_bestaendig-150x150.jpg\",\"caption\":\"Andreas Best\u00e4ndig\"}}]}<\/script>\n<!-- \/ Yoast SEO Premium plugin. -->","yoast_head_json":{"title":"Die plazz AG beim Th\u00fcringer Unternehmenslauf 2022 | Polario","description":"Die plazz AG nimmt Teil am Th\u00fcringer Unternehmenslauf 2022. Mit Training, Shirts und Motivation geht es gemeinsam an die Startlinie.","robots":{"index":"index","follow":"follow","max-snippet":"max-snippet:-1","max-image-preview":"max-image-preview:large","max-video-preview":"max-video-preview:-1"},"canonical":"https:\/\/polario.app\/de\/thueringer-unternehmenslauf-2022\/","og_locale":"de_DE","og_type":"article","og_title":"Die plazz AG beim Th\u00fcringer Unternehmenslauf 2022","og_description":"Die plazz AG nimmt Teil am Th\u00fcringer Unternehmenslauf 2022. Mit Training, Shirts und Motivation geht es gemeinsam an die Startlinie.","og_url":"https:\/\/polario.app\/de\/thueringer-unternehmenslauf-2022\/","og_site_name":"Polario","article_published_time":"2022-06-27T09:33:43+00:00","article_modified_time":"2022-08-02T09:39:33+00:00","og_image":[{"width":800,"height":450,"url":"https:\/\/polario.app\/wp-content\/uploads\/2022\/06\/thumbnail-thueringer-unternehmenslauf-2022.webp","type":"image\/webp"}],"author":"Andreas Best\u00e4ndig","twitter_card":"summary_large_image","twitter_misc":{"Verfasst von":"Andreas Best\u00e4ndig","Gesch\u00e4tzte Lesezeit":"2\u00a0Minuten"},"schema":{"@context":"https:\/\/schema.org","@graph":[{"@type":"Article","@id":"https:\/\/polario.app\/de\/thueringer-unternehmenslauf-2022\/#article","isPartOf":{"@id":"https:\/\/polario.app\/de\/thueringer-unternehmenslauf-2022\/"},"author":{"name":"Andreas Best\u00e4ndig","@id":"https:\/\/polario.app\/de\/#\/schema\/person\/67501c3bdfa2af1a1c681a6f6705429e"},"headline":"Die plazz AG beim Th\u00fcringer Unternehmenslauf 2022","datePublished":"2022-06-27T09:33:43+00:00","dateModified":"2022-08-02T09:39:33+00:00","mainEntityOfPage":{"@id":"https:\/\/polario.app\/de\/thueringer-unternehmenslauf-2022\/"},"wordCount":225,"publisher":{"@id":"https:\/\/polario.app\/de\/#organization"},"image":{"@id":"https:\/\/polario.app\/de\/thueringer-unternehmenslauf-2022\/#primaryimage"},"thumbnailUrl":"https:\/\/polario.app\/wp-content\/uploads\/2022\/06\/thumbnail-thueringer-unternehmenslauf-2022.webp","keywords":["plazz AG","RUN","sport","Team Event","Th\u00fcringer Unternehmenslauf 2022"],"articleSection":["News"],"inLanguage":"de"},{"@type":"WebPage","@id":"https:\/\/polario.app\/de\/thueringer-unternehmenslauf-2022\/","url":"https:\/\/polario.app\/de\/thueringer-unternehmenslauf-2022\/","name":"Die plazz AG beim Th\u00fcringer Unternehmenslauf 2022 | Polario","isPartOf":{"@id":"https:\/\/polario.app\/de\/#website"},"primaryImageOfPage":{"@id":"https:\/\/polario.app\/de\/thueringer-unternehmenslauf-2022\/#primaryimage"},"image":{"@id":"https:\/\/polario.app\/de\/thueringer-unternehmenslauf-2022\/#primaryimage"},"thumbnailUrl":"https:\/\/polario.app\/wp-content\/uploads\/2022\/06\/thumbnail-thueringer-unternehmenslauf-2022.webp","datePublished":"2022-06-27T09:33:43+00:00","dateModified":"2022-08-02T09:39:33+00:00","description":"Die plazz AG nimmt Teil am Th\u00fcringer Unternehmenslauf 2022. Mit Training, Shirts und Motivation geht es gemeinsam an die Startlinie.","inLanguage":"de","potentialAction":[{"@type":"ReadAction","target":["https:\/\/polario.app\/de\/thueringer-unternehmenslauf-2022\/"]}]},{"@type":"ImageObject","inLanguage":"de","@id":"https:\/\/polario.app\/de\/thueringer-unternehmenslauf-2022\/#primaryimage","url":"https:\/\/polario.app\/wp-content\/uploads\/2022\/06\/thumbnail-thueringer-unternehmenslauf-2022.webp","contentUrl":"https:\/\/polario.app\/wp-content\/uploads\/2022\/06\/thumbnail-thueringer-unternehmenslauf-2022.webp","width":800,"height":450,"caption":"thumbnail - thueringer unternehmenslauf 2022"},{"@type":"WebSite","@id":"https:\/\/polario.app\/de\/#website","url":"https:\/\/polario.app\/de\/","name":"Polario","description":"Die Polario Website |  Ihre All-in-One-L\u00f6sung f\u00fcr Events, Communities und mehr!","publisher":{"@id":"https:\/\/polario.app\/de\/#organization"},"potentialAction":[{"@type":"SearchAction","target":{"@type":"EntryPoint","urlTemplate":"https:\/\/polario.app\/de\/?s={search_term_string}"},"query-input":{"@type":"PropertyValueSpecification","valueRequired":true,"valueName":"search_term_string"}}],"inLanguage":"de"},{"@type":"Organization","@id":"https:\/\/polario.app\/de\/#organization","name":"plazz AG","alternateName":"plazz","url":"https:\/\/polario.app\/de\/","logo":{"@type":"ImageObject","inLanguage":"de","@id":"https:\/\/polario.app\/de\/#\/schema\/logo\/image\/","url":"https:\/\/polario.app\/wp-content\/uploads\/2021\/05\/Logo-Polario-by-plazz-AG.svg","contentUrl":"https:\/\/polario.app\/wp-content\/uploads\/2021\/05\/Logo-Polario-by-plazz-AG.svg","width":1630,"height":500,"caption":"plazz AG"},"image":{"@id":"https:\/\/polario.app\/de\/#\/schema\/logo\/image\/"}},{"@type":"Person","@id":"https:\/\/polario.app\/de\/#\/schema\/person\/67501c3bdfa2af1a1c681a6f6705429e","name":"Andreas Best\u00e4ndig","image":{"@type":"ImageObject","inLanguage":"de","@id":"https:\/\/polario.app\/wp-content\/uploads\/2022\/02\/profil-foto-andreas_bestaendig-150x150.jpg","url":"https:\/\/polario.app\/wp-content\/uploads\/2022\/02\/profil-foto-andreas_bestaendig-150x150.jpg","contentUrl":"https:\/\/polario.app\/wp-content\/uploads\/2022\/02\/profil-foto-andreas_bestaendig-150x150.jpg","caption":"Andreas Best\u00e4ndig"}}]}},"_links":{"self":[{"href":"https:\/\/polario.app\/de\/wp-json\/wp\/v2\/posts\/22032","targetHints":{"allow":["GET"]}}],"collection":[{"href":"https:\/\/polario.app\/de\/wp-json\/wp\/v2\/posts"}],"about":[{"href":"https:\/\/polario.app\/de\/wp-json\/wp\/v2\/types\/post"}],"author":[{"embeddable":true,"href":"https:\/\/polario.app\/de\/wp-json\/wp\/v2\/users\/2"}],"replies":[{"embeddable":true,"href":"https:\/\/polario.app\/de\/wp-json\/wp\/v2\/comments?post=22032"}],"version-history":[{"count":10,"href":"https:\/\/polario.app\/de\/wp-json\/wp\/v2\/posts\/22032\/revisions"}],"predecessor-version":[{"id":23529,"href":"https:\/\/polario.app\/de\/wp-json\/wp\/v2\/posts\/22032\/revisions\/23529"}],"wp:featuredmedia":[{"embeddable":true,"href":"https:\/\/polario.app\/de\/wp-json\/wp\/v2\/media\/22046"}],"wp:attachment":[{"href":"https:\/\/polario.app\/de\/wp-json\/wp\/v2\/media?parent=22032"}],"wp:term":[{"taxonomy":"category","embeddable":true,"href":"https:\/\/polario.app\/de\/wp-json\/wp\/v2\/categories?post=22032"},{"taxonomy":"post_tag","embeddable":true,"href":"https:\/\/polario.app\/de\/wp-json\/wp\/v2\/tags?post=22032"}],"curies":[{"name":"wp","href":"https:\/\/api.w.org\/{rel}","templated":true}]}}